{"id":4569,"date":"2026-09-05T19:30:40","date_gmt":"2026-09-05T17:30:40","guid":{"rendered":"https:\/\/aejf.asso.fr\/?p=4569"},"modified":"2026-09-05T19:30:40","modified_gmt":"2026-09-05T17:30:40","slug":"%ef%bc%bbmcjp%ef%bc%bdinformations-sur-la-conference-de-lancement-de-la-vf-de-wakuwaku-nihongo-3","status":"publish","type":"post","link":"https:\/\/aejf.asso.fr\/fr\/related-institutional-information\/workshop-seminar\/%ef%bc%bbmcjp%ef%bc%bdinformations-sur-la-conference-de-lancement-de-la-vf-de-wakuwaku-nihongo-3","title":{"rendered":"\uff3bMCJP\uff3dInformations sur la conf\u00e9rence de lancement de la VF de WakuWaku Nihongo 3"},"content":{"rendered":"\n<p><\/p>\n\n\n\n<p>Bonjour \u00e0 toutes et \u00e0 tous,<\/p>\n\n\n\n<p>Faisant suite \u00e0 l&rsquo;annonce la semaine pass\u00e9e de la sortie de&nbsp;<strong>la version fran\u00e7aise du tome 3 de&nbsp;<em>WakuWaku Nihongo<\/em><\/strong><em>,<\/em><\/p>\n\n\n\n<p>nous sommes heureux de vous pr\u00e9senter ci-dessous les modalit\u00e9s et le d\u00e9roulement de la conf\u00e9rence de pr\u00e9sentation de ce nouveau manuel.<\/p>\n\n\n\n<p>Vous pouvez retrouver les trois volumes en fran\u00e7ais et leurs ressources annexes en acc\u00e8s libre sur la page suivante :<\/p>\n\n\n\n<p><a href=\"https:\/\/padlet.com\/koza4\/wakuwaku-nihongo-manuel-de-japonais-pour-les-enfants-francop-d7bwfreg1cvgpisu\">https:\/\/padlet.com\/koza4\/wakuwaku-nihongo-manuel-de-japonais-pour-les-enfants-francop-d7bwfreg1cvgpisu<\/a><\/p>\n\n\n\n<p><em>WakuWaku Nihongo<\/em>&nbsp;est un manuel de japonais pour les enfants, cr\u00e9\u00e9 en 2023 par la Fondation du Japon au Caire.<\/p>\n\n\n\n<p>L&rsquo;une de ses caract\u00e9ristiques est de proposer en parall\u00e8le des le\u00e7ons des plans de cours incluant des explications grammaticales simples, afin de permettre m\u00eame aux adultes n\u2019ayant jamais \u00e9tudi\u00e9 le japonais d&rsquo;accompagner l&rsquo;apprentissage des enfants.<\/p>\n\n\n\n<p>Apr\u00e8s&nbsp;<em>WakuWaku Nihongo 1<\/em>&nbsp;(juin 2025) et&nbsp;<em>WakuWaku Nihongo 2<\/em>&nbsp;(janvier 2026), la MCJP est heureuse de vous pr\u00e9senter aujourd&rsquo;hui la version fran\u00e7aise du troisi\u00e8me et dernier tome de la s\u00e9rie.<\/p>\n\n\n\n<p>&#8212;&#8212;&#8212;&#8212;&#8212;&#8212;&#8212;&#8212;&#8212;&#8212;&#8212;&#8212;&#8212;&#8212;&#8212;&#8212;&#8212;&#8212;&#8212;&#8212;&#8212;&#8212;&#8212;&#8212;&#8212;&#8211;<\/p>\n\n\n\n<p><strong>Conf\u00e9rence de lancement de<em>&nbsp;WakuWaku&nbsp;Nihongo<\/em>&nbsp;<em>3<\/em>&nbsp;en VF !<\/strong><\/p>\n\n\n\n<p><strong><u>Intervenants :<\/u><\/strong><\/p>\n\n\n\n<p>Y\u00f4suke YAMAOKA, conseiller \u00e0 la Fondation du Japon au Caire pour l&rsquo;enseignement de la langue japonaise.<\/p>\n\n\n\n<p>Jun ARISUE, conseiller \u00e0 la MCJP pour l&rsquo;enseignement de la langue japonaise en France.<br>\u00c9mile NASS, coordinateur pour la langue japonaise \u00e0 la MCJP.<\/p>\n\n\n\n<p><strong><u>Programme :<\/u><\/strong><\/p>\n\n\n\n<p>Mercredi 23 septembre 2026, sur Zoom<\/p>\n\n\n\n<p>\u2002\u2002\u2002\u2002\u27a4<strong>&nbsp;Heure de Paris : 10 h 00 \u00e0 12 h 00 + 30 minutes (discussions libres)<\/strong><\/p>\n\n\n\n<p>\u2002\u2002\u2002\u2002\u27a4 Heure du Caire : 11 h 00 \u00e0 13 h 00 + 30 minutes (discussions libres)<\/p>\n\n\n\n<p>\u2460 \u00c9changes en groupes<br>\u2461 Pr\u00e9sentation du contenu et de l&rsquo;utilisation de&nbsp;<em>WakuWaku&nbsp;Nihongo 3<\/em><br>\u2462 \u00c0 propos de la traduction et du contenu de la version fran\u00e7aise de&nbsp;<em>WakuWaku&nbsp;Nihongo 3<\/em><br>\u2463 \u00c0 propos de la cr\u00e9ation avec l&rsquo;IA des pistes audio de&nbsp;<em>WakuWaku&nbsp;Nihongo 3<\/em><\/p>\n\n\n\n<p>\u2464 S\u00e9ance de questions-r\u00e9ponses<\/p>\n\n\n\n<p>\u2465 Discussions libres<\/p>\n\n\n\n<p><strong><u>Langue :&nbsp;<\/u><\/strong>En japonais.<\/p>\n\n\n\n<p><strong><u>Tarif :&nbsp;<\/u><\/strong>Gratuit<\/p>\n\n\n\n<p><strong><u>Date limite d&rsquo;inscription :\u00a0<\/u><\/strong>Dimanche 20 septembre 2026 <a href=\"https:\/\/forms.cloud.microsoft\/r\/G17ETmYNv6\">https:\/\/forms.cloud.microsoft\/r\/G17ETmYNv6<\/a><\/p>\n\n\n\n<p><strong>Organisation :<\/strong>&nbsp;Fondation du Japon au Caire &#8211; Maison de la culture du Japon \u00e0 Paris (contact :&nbsp;<a href=\"mailto:kenshu@mcjp.fr\" target=\"_blank\" rel=\"noreferrer noopener\">kenshu@mcjp.fr<\/a>\uff09<\/p>\n\n\n\n<hr class=\"wp-block-separator has-alpha-channel-opacity\"\/>\n\n\n\n<figure class=\"wp-block-image size-full\"><img loading=\"lazy\" decoding=\"async\" width=\"577\" height=\"812\" src=\"https:\/\/aejf.asso.fr\/wp-content\/uploads\/image-6.png\" alt=\"\" class=\"wp-image-4570\"\/><\/figure>\n\n\n\n<p>Nous vous y attendons nombreux\u00a0!<\/p>\n\n\n\n<p>Bien cordialement,<\/p>\n\n\n\n<p><\/p>\n","protected":false},"excerpt":{"rendered":"<p>Bonjour \u00e0 toutes et \u00e0 tous, Faisant suite \u00e0 l&rsquo;annonce la semaine pass\u00e9e de la sortie de&nbsp;la version  [&hellip;]<\/p>\n","protected":false},"author":317,"featured_media":0,"comment_status":"closed","ping_status":"closed","sticky":false,"template":"","format":"standard","meta":{"_locale":"fr_FR","_original_post":"https:\/\/aejf.asso.fr\/?p=4569","footnotes":"","_members_access_role":[],"_members_access_error":""},"categories":[35,44],"tags":[],"class_list":["post-4569","post","type-post","status-publish","format-standard","hentry","category-workshop-seminar","category-related-institutional-information","fr-FR"],"_links":{"self":[{"href":"https:\/\/aejf.asso.fr\/wp-json\/wp\/v2\/posts\/4569","targetHints":{"allow":["GET"]}}],"collection":[{"href":"https:\/\/aejf.asso.fr\/wp-json\/wp\/v2\/posts"}],"about":[{"href":"https:\/\/aejf.asso.fr\/wp-json\/wp\/v2\/types\/post"}],"author":[{"embeddable":true,"href":"https:\/\/aejf.asso.fr\/wp-json\/wp\/v2\/users\/317"}],"replies":[{"embeddable":true,"href":"https:\/\/aejf.asso.fr\/wp-json\/wp\/v2\/comments?post=4569"}],"version-history":[{"count":1,"href":"https:\/\/aejf.asso.fr\/wp-json\/wp\/v2\/posts\/4569\/revisions"}],"predecessor-version":[{"id":4571,"href":"https:\/\/aejf.asso.fr\/wp-json\/wp\/v2\/posts\/4569\/revisions\/4571"}],"wp:attachment":[{"href":"https:\/\/aejf.asso.fr\/wp-json\/wp\/v2\/media?parent=4569"}],"wp:term":[{"taxonomy":"category","embeddable":true,"href":"https:\/\/aejf.asso.fr\/wp-json\/wp\/v2\/categories?post=4569"},{"taxonomy":"post_tag","embeddable":true,"href":"https:\/\/aejf.asso.fr\/wp-json\/wp\/v2\/tags?post=4569"}],"curies":[{"name":"wp","href":"https:\/\/api.w.org\/{rel}","templated":true}]}}